{"id":3869,"date":"2025-02-11T14:53:37","date_gmt":"2025-02-11T13:53:37","guid":{"rendered":"https:\/\/centresocialrevivre.fr\/?p=3869"},"modified":"2025-02-11T14:54:06","modified_gmt":"2025-02-11T13:54:06","slug":"atelier-memoire","status":"publish","type":"post","link":"https:\/\/centresocialrevivre.fr\/index.php\/2025\/02\/11\/atelier-memoire\/","title":{"rendered":"Atelier M\u00e9moire"},"content":{"rendered":"<p>Les ateliers m\u00e9moire reprennent du service !<\/p>\n<p>Si vous \u00eates int\u00e9ress\u00e9s rendez-vous Mardi 18 F\u00e9vrier \u00e0 14h pour une r\u00e9union d&rsquo;informations.<\/p>\n<p><img loading=\"lazy\" class=\"alignnone wp-image-3870\" src=\"https:\/\/centresocialrevivre.fr\/wp-content\/uploads\/2025\/02\/com-carre-familles-seniors-300x300.jpg\" alt=\"\" width=\"619\" height=\"619\" srcset=\"https:\/\/centresocialrevivre.fr\/wp-content\/uploads\/2025\/02\/com-carre-familles-seniors-300x300.jpg 300w, https:\/\/centresocialrevivre.fr\/wp-content\/uploads\/2025\/02\/com-carre-familles-seniors-150x150.jpg 150w, https:\/\/centresocialrevivre.fr\/wp-content\/uploads\/2025\/02\/com-carre-familles-seniors-80x80.jpg 80w, https:\/\/centresocialrevivre.fr\/wp-content\/uploads\/2025\/02\/com-carre-familles-seniors-320x320.jpg 320w, https:\/\/centresocialrevivre.fr\/wp-content\/uploads\/2025\/02\/com-carre-familles-seniors.jpg 500w\" sizes=\"(max-width: 619px) 100vw, 619px\" \/><\/p>\n","protected":false},"excerpt":{"rendered":"<p>Les ateliers m\u00e9moire reprennent du service ! Si vous \u00eates int\u00e9ress\u00e9s rendez-vous Mardi 18 F\u00e9vrier \u00e0 14h pour une r\u00e9union d&rsquo;informations.<\/p>\n","protected":false},"author":9,"featured_media":3870,"comment_status":"open","ping_status":"open","sticky":false,"template":"","format":"standard","meta":{"ngg_post_thumbnail":0,"spay_email":""},"categories":[5],"tags":[],"jetpack_featured_media_url":"https:\/\/centresocialrevivre.fr\/wp-content\/uploads\/2025\/02\/com-carre-familles-seniors.jpg","_links":{"self":[{"href":"https:\/\/centresocialrevivre.fr\/index.php\/wp-json\/wp\/v2\/posts\/3869"}],"collection":[{"href":"https:\/\/centresocialrevivre.fr\/index.php\/wp-json\/wp\/v2\/posts"}],"about":[{"href":"https:\/\/centresocialrevivre.fr\/index.php\/wp-json\/wp\/v2\/types\/post"}],"author":[{"embeddable":true,"href":"https:\/\/centresocialrevivre.fr\/index.php\/wp-json\/wp\/v2\/users\/9"}],"replies":[{"embeddable":true,"href":"https:\/\/centresocialrevivre.fr\/index.php\/wp-json\/wp\/v2\/comments?post=3869"}],"version-history":[{"count":2,"href":"https:\/\/centresocialrevivre.fr\/index.php\/wp-json\/wp\/v2\/posts\/3869\/revisions"}],"predecessor-version":[{"id":3872,"href":"https:\/\/centresocialrevivre.fr\/index.php\/wp-json\/wp\/v2\/posts\/3869\/revisions\/3872"}],"wp:featuredmedia":[{"embeddable":true,"href":"https:\/\/centresocialrevivre.fr\/index.php\/wp-json\/wp\/v2\/media\/3870"}],"wp:attachment":[{"href":"https:\/\/centresocialrevivre.fr\/index.php\/wp-json\/wp\/v2\/media?parent=3869"}],"wp:term":[{"taxonomy":"category","embeddable":true,"href":"https:\/\/centresocialrevivre.fr\/index.php\/wp-json\/wp\/v2\/categories?post=3869"},{"taxonomy":"post_tag","embeddable":true,"href":"https:\/\/centresocialrevivre.fr\/index.php\/wp-json\/wp\/v2\/tags?post=3869"}],"curies":[{"name":"wp","href":"https:\/\/api.w.org\/{rel}","templated":true}]}}