{"id":3835,"date":"2024-10-29T14:46:12","date_gmt":"2024-10-29T13:46:12","guid":{"rendered":"https:\/\/centresocialrevivre.fr\/?p=3835"},"modified":"2024-10-29T14:51:54","modified_gmt":"2024-10-29T13:51:54","slug":"journee-ecouter-et-parler-sexualite-avec-les-enfants","status":"publish","type":"post","link":"https:\/\/centresocialrevivre.fr\/index.php\/2024\/10\/29\/journee-ecouter-et-parler-sexualite-avec-les-enfants\/","title":{"rendered":"Journ\u00e9e \u00e9couter et parler sexualit\u00e9 avec les enfants"},"content":{"rendered":"","protected":false},"excerpt":{"rendered":"","protected":false},"author":9,"featured_media":3836,"comment_status":"open","ping_status":"open","sticky":false,"template":"","format":"image","meta":{"ngg_post_thumbnail":0,"spay_email":""},"categories":[2,5],"tags":[],"jetpack_featured_media_url":"https:\/\/centresocialrevivre.fr\/wp-content\/uploads\/2024\/10\/Ecouter-et-parler-sexualite-avec-les-enfants.png","_links":{"self":[{"href":"https:\/\/centresocialrevivre.fr\/index.php\/wp-json\/wp\/v2\/posts\/3835"}],"collection":[{"href":"https:\/\/centresocialrevivre.fr\/index.php\/wp-json\/wp\/v2\/posts"}],"about":[{"href":"https:\/\/centresocialrevivre.fr\/index.php\/wp-json\/wp\/v2\/types\/post"}],"author":[{"embeddable":true,"href":"https:\/\/centresocialrevivre.fr\/index.php\/wp-json\/wp\/v2\/users\/9"}],"replies":[{"embeddable":true,"href":"https:\/\/centresocialrevivre.fr\/index.php\/wp-json\/wp\/v2\/comments?post=3835"}],"version-history":[{"count":1,"href":"https:\/\/centresocialrevivre.fr\/index.php\/wp-json\/wp\/v2\/posts\/3835\/revisions"}],"predecessor-version":[{"id":3837,"href":"https:\/\/centresocialrevivre.fr\/index.php\/wp-json\/wp\/v2\/posts\/3835\/revisions\/3837"}],"wp:featuredmedia":[{"embeddable":true,"href":"https:\/\/centresocialrevivre.fr\/index.php\/wp-json\/wp\/v2\/media\/3836"}],"wp:attachment":[{"href":"https:\/\/centresocialrevivre.fr\/index.php\/wp-json\/wp\/v2\/media?parent=3835"}],"wp:term":[{"taxonomy":"category","embeddable":true,"href":"https:\/\/centresocialrevivre.fr\/index.php\/wp-json\/wp\/v2\/categories?post=3835"},{"taxonomy":"post_tag","embeddable":true,"href":"https:\/\/centresocialrevivre.fr\/index.php\/wp-json\/wp\/v2\/tags?post=3835"}],"curies":[{"name":"wp","href":"https:\/\/api.w.org\/{rel}","templated":true}]}}