{"id":3520,"date":"2024-03-04T16:48:43","date_gmt":"2024-03-04T15:48:43","guid":{"rendered":"https:\/\/centresocialrevivre.fr\/?p=3520"},"modified":"2024-03-04T16:53:47","modified_gmt":"2024-03-04T15:53:47","slug":"la-semaine-de-la-parentalite","status":"publish","type":"post","link":"https:\/\/centresocialrevivre.fr\/index.php\/2024\/03\/04\/la-semaine-de-la-parentalite\/","title":{"rendered":"La semaine de la Parentalit\u00e9"},"content":{"rendered":"<table style=\"height: 798px;\" role=\"presentation\" border=\"0\" width=\"1269\" cellspacing=\"0\" cellpadding=\"0\">\n<tbody>\n<tr>\n<td class=\"m_-1703432905463818457mceBlockContainer\" valign=\"top\"><\/td>\n<\/tr>\n<tr>\n<td class=\"m_-1703432905463818457mceBlockContainer\" valign=\"top\">\n<div id=\"m_-1703432905463818457dataBlockId-25\" class=\"m_-1703432905463818457mceText\">\n<p><strong style=\"font-family: inherit; font-size: inherit; text-align: center;\"><img loading=\"lazy\" class=\"wp-image-3521 size-medium aligncenter\" src=\"https:\/\/centresocialrevivre.fr\/wp-content\/uploads\/2024\/03\/1-e1709567147916-300x208.jpg\" alt=\"\" width=\"300\" height=\"208\" srcset=\"https:\/\/centresocialrevivre.fr\/wp-content\/uploads\/2024\/03\/1-e1709567147916-300x208.jpg 300w, https:\/\/centresocialrevivre.fr\/wp-content\/uploads\/2024\/03\/1-e1709567147916-768x531.jpg 768w, https:\/\/centresocialrevivre.fr\/wp-content\/uploads\/2024\/03\/1-e1709567147916-720x498.jpg 720w, https:\/\/centresocialrevivre.fr\/wp-content\/uploads\/2024\/03\/1-e1709567147916-520x360.jpg 520w, https:\/\/centresocialrevivre.fr\/wp-content\/uploads\/2024\/03\/1-e1709567147916-320x221.jpg 320w, https:\/\/centresocialrevivre.fr\/wp-content\/uploads\/2024\/03\/1-e1709567147916.jpg 990w\" sizes=\"(max-width: 300px) 100vw, 300px\" \/><\/strong><\/p>\n<p style=\"text-align: center;\"><strong>LA SEMAINE DE LA PARENTALITE<\/strong><\/p>\n<p style=\"text-align: center;\">Du Pays des Vans en C\u00e9vennes<\/p>\n<p style=\"text-align: center;\"><strong>aura lieu du 16 au 23 Mars\u00a0<\/strong><strong>2024<\/strong><\/p>\n<p>&nbsp;<\/p>\n<p style=\"text-align: left;\">C\u2019est une semaine d\u00e9di\u00e9e aux parents et aux enfants, de tous les \u00e2ges qui permet de d\u00e9couvrir les structures, les associations et les actions de parentalit\u00e9 du territoire.<\/p>\n<p style=\"text-align: left;\">C\u2019est des rencontres entre parents, du partage d\u2019exp\u00e9riences mais aussi <strong>le recueil de vos envies, de vos besoins et la possibilit\u00e9 de pouvoir imaginer d\u2019autres actions dans l\u2019ann\u00e9e en fonction de nos \u00e9changes.<\/strong><\/p>\n<p style=\"text-align: left;\">Venez nous rencontrer lors de temps comme :<\/p>\n<ul style=\"text-align: left;\">\n<li>Les samedis Cr\u00e9a-jeux &#8211; espace de jeux libres pour tous<\/li>\n<li>Un atelier d\u2019\u00e9veil musical &#8211; pour les 0-3 ans<\/li>\n<li>Un ap\u00e9ro-d\u00e9bat sur les joies et difficult\u00e9s d\u2019\u00eatre parent d\u2019ados<\/li>\n<li>Un temps d\u2019\u00e9change \u201cparentalit\u00e9 &amp; num\u00e9rique\u201d<\/li>\n<li>Et bien d\u2019autres moments \u00e0 partager avec nos partenaires !<\/li>\n<\/ul>\n<p style=\"text-align: left;\"><strong>SAMEDI 23 MARS<\/strong>, le jour de cl\u00f4ture, v<span style=\"font-family: inherit; font-size: inherit;\">enez nous voir sur le march\u00e9 des Vans au<\/span><span style=\"font-family: inherit; font-size: inherit;\">\u00a0\u00ab\u00a0<\/span><strong style=\"font-family: inherit; font-size: inherit;\">Bureau des histoires de familles<\/strong><span style=\"font-family: inherit; font-size: inherit;\">\u00ab\u00a0<\/span><\/p>\n<p style=\"text-align: left;\">et \u00e0 17h, sur la place du March\u00e9 des Vans venez profiter du <strong>spectacle gratuit <\/strong><em>\u201cla famille vient en mangeant\u201d<\/em> de la Cie Mmm<\/p>\n<p style=\"text-align: left;\">Plus d&rsquo;infos sur la brochure&#8230;<\/p>\n<p style=\"text-align: left;\"><strong>On vous attend nombreux !<\/strong><\/p>\n<p style=\"text-align: left;\">L\u2019\u00e9quipe du centre socio-culturel REVIVRE<\/p>\n<p style=\"text-align: left;\"><strong style=\"font-family: inherit; font-size: inherit;\"><img loading=\"lazy\" class=\"alignnone wp-image-3523 size-large\" src=\"https:\/\/centresocialrevivre.fr\/wp-content\/uploads\/2024\/03\/1-1-1024x724.jpg\" alt=\"\" width=\"1024\" height=\"724\" srcset=\"https:\/\/centresocialrevivre.fr\/wp-content\/uploads\/2024\/03\/1-1-1024x724.jpg 1024w, https:\/\/centresocialrevivre.fr\/wp-content\/uploads\/2024\/03\/1-1-300x212.jpg 300w, https:\/\/centresocialrevivre.fr\/wp-content\/uploads\/2024\/03\/1-1-768x543.jpg 768w, https:\/\/centresocialrevivre.fr\/wp-content\/uploads\/2024\/03\/1-1-1536x1086.jpg 1536w, https:\/\/centresocialrevivre.fr\/wp-content\/uploads\/2024\/03\/1-1-720x509.jpg 720w, https:\/\/centresocialrevivre.fr\/wp-content\/uploads\/2024\/03\/1-1-520x368.jpg 520w, https:\/\/centresocialrevivre.fr\/wp-content\/uploads\/2024\/03\/1-1-320x226.jpg 320w, https:\/\/centresocialrevivre.fr\/wp-content\/uploads\/2024\/03\/1-1-1320x933.jpg 1320w, https:\/\/centresocialrevivre.fr\/wp-content\/uploads\/2024\/03\/1-1.jpg 2000w\" sizes=\"(max-width: 1024px) 100vw, 1024px\" \/>\u00a0\u00a0<\/strong><strong style=\"font-family: inherit; font-size: inherit;\"><img loading=\"lazy\" class=\"alignnone wp-image-3522 size-large\" src=\"https:\/\/centresocialrevivre.fr\/wp-content\/uploads\/2024\/03\/2-1024x724.jpg\" alt=\"\" width=\"1024\" height=\"724\" srcset=\"https:\/\/centresocialrevivre.fr\/wp-content\/uploads\/2024\/03\/2-1024x724.jpg 1024w, https:\/\/centresocialrevivre.fr\/wp-content\/uploads\/2024\/03\/2-300x212.jpg 300w, https:\/\/centresocialrevivre.fr\/wp-content\/uploads\/2024\/03\/2-768x543.jpg 768w, https:\/\/centresocialrevivre.fr\/wp-content\/uploads\/2024\/03\/2-1536x1086.jpg 1536w, https:\/\/centresocialrevivre.fr\/wp-content\/uploads\/2024\/03\/2-720x509.jpg 720w, https:\/\/centresocialrevivre.fr\/wp-content\/uploads\/2024\/03\/2-520x368.jpg 520w, https:\/\/centresocialrevivre.fr\/wp-content\/uploads\/2024\/03\/2-320x226.jpg 320w, https:\/\/centresocialrevivre.fr\/wp-content\/uploads\/2024\/03\/2-1320x933.jpg 1320w, https:\/\/centresocialrevivre.fr\/wp-content\/uploads\/2024\/03\/2.jpg 2000w\" sizes=\"(max-width: 1024px) 100vw, 1024px\" \/><\/strong><\/p>\n<\/div>\n<\/td>\n<\/tr>\n<\/tbody>\n<\/table>\n","protected":false},"excerpt":{"rendered":"<p>LA SEMAINE DE LA PARENTALITE Du Pays des Vans en C\u00e9vennes aura lieu du 16 au 23 Mars\u00a02024 &nbsp; C\u2019est une semaine d\u00e9di\u00e9e aux parents et aux enfants, de tous&#46;&#46;&#46;<\/p>\n","protected":false},"author":11,"featured_media":3521,"comment_status":"open","ping_status":"open","sticky":false,"template":"","format":"standard","meta":{"ngg_post_thumbnail":0,"spay_email":""},"categories":[51,52,1,16],"tags":[],"jetpack_featured_media_url":"https:\/\/centresocialrevivre.fr\/wp-content\/uploads\/2024\/03\/1-e1709567147916.jpg","_links":{"self":[{"href":"https:\/\/centresocialrevivre.fr\/index.php\/wp-json\/wp\/v2\/posts\/3520"}],"collection":[{"href":"https:\/\/centresocialrevivre.fr\/index.php\/wp-json\/wp\/v2\/posts"}],"about":[{"href":"https:\/\/centresocialrevivre.fr\/index.php\/wp-json\/wp\/v2\/types\/post"}],"author":[{"embeddable":true,"href":"https:\/\/centresocialrevivre.fr\/index.php\/wp-json\/wp\/v2\/users\/11"}],"replies":[{"embeddable":true,"href":"https:\/\/centresocialrevivre.fr\/index.php\/wp-json\/wp\/v2\/comments?post=3520"}],"version-history":[{"count":4,"href":"https:\/\/centresocialrevivre.fr\/index.php\/wp-json\/wp\/v2\/posts\/3520\/revisions"}],"predecessor-version":[{"id":3527,"href":"https:\/\/centresocialrevivre.fr\/index.php\/wp-json\/wp\/v2\/posts\/3520\/revisions\/3527"}],"wp:featuredmedia":[{"embeddable":true,"href":"https:\/\/centresocialrevivre.fr\/index.php\/wp-json\/wp\/v2\/media\/3521"}],"wp:attachment":[{"href":"https:\/\/centresocialrevivre.fr\/index.php\/wp-json\/wp\/v2\/media?parent=3520"}],"wp:term":[{"taxonomy":"category","embeddable":true,"href":"https:\/\/centresocialrevivre.fr\/index.php\/wp-json\/wp\/v2\/categories?post=3520"},{"taxonomy":"post_tag","embeddable":true,"href":"https:\/\/centresocialrevivre.fr\/index.php\/wp-json\/wp\/v2\/tags?post=3520"}],"curies":[{"name":"wp","href":"https:\/\/api.w.org\/{rel}","templated":true}]}}